{"id":692,"date":"2022-01-07T17:06:51","date_gmt":"2022-01-07T16:06:51","guid":{"rendered":"https:\/\/palazzoprigionivenezia.com\/?p=692"},"modified":"2022-01-07T17:12:15","modified_gmt":"2022-01-07T16:12:15","slug":"molinari-bacco-e-arianna","status":"publish","type":"post","link":"https:\/\/palazzoprigionivenezia.com\/en\/molinari-bacco-e-arianna\/","title":{"rendered":"Antonio Molinari: Bacco e Arianna"},"content":{"rendered":"<p><strong>Antonio Molinari: Bacco e Arianna<\/strong><\/p>\n\n\n\n<p>Il dipinto, raffigurante il celebre episodio narrato da <strong>Ovidio<\/strong> nelle <strong>Metamorfosi<\/strong>, proviene dalla <strong>Sala dei banchetti<\/strong> di <strong>the Doge\u2019s Palace<\/strong>, dov\u2019\u00e8 ricordato ancora da <strong>Moschini<\/strong> (1815). Fu rimosso dalla sua sede probabilmente per la sua sconvenienza tematica quando quella parte dell\u2019edificio venne adibita a palazzo patriarcale. In seguito, un inventario delle opere depositate nel Palazzo Ducale del 1861 lo ricorda arrotolato in una stanza. Successivamente, fu trasferito a decorare il<strong> Circolo Artistico del Palazzo delle Prigioni<\/strong> dove viene segnalato per la prima volta da <strong>Pappalardo<\/strong> (1953-1954).<\/p>\n\n\n\n<p>Le recenti indagini d\u2019archivio hanno permesso di stabilire che l\u2019opera, assieme ad altre due raffiguranti il Tempo scopre la Verit\u00e0 e La Virt\u00f9 scaccia i Vizi di <strong>Nicol\u00f2 Bambini<\/strong> (tuttora in situ), fu acquistata dall\u2019Edwards nel 1779 durante i lavori di riassetto della sala, per sostituire le vecchie tele di pittori tardo manieristi ormai in condizioni miserevoli. A questa circostanza si deve l\u2019ampliamento delle tele, per adattarle alle nicchie dove dovevano essere alloggiate (Moschini 1815). L\u2019operazione fu eseguita da <strong>Antonio Diziani<\/strong>, al quale spetta l\u2019aggiunta del puttino sulla destra e gran parte dell\u2019ombroso paesaggio. <\/p>\n\n\n\n<p>In quell\u2019occasione fu realizzata anche la <strong>cornice di contorno<\/strong> a finto mosaico dorato con bianchi racemi vegetali che compare in tutti e tre i dipinti, compiuta sicuramente per rendere pi\u00f9 armonioso l\u2019inserimento della tela nella restante decorazione. Lo stesso finto mosaico compare infatti come fondale nelle sopraporte in stucco di <strong>Francesco Re<\/strong>. Non viene specificato se anche l\u2019opera di Molinari venne acquistata, assieme alle altre due di Bambini, dalla collezione di <strong>Gregorio Agdollo<\/strong>, nei cui inventari tuttavia non viene citata nessuna delle tre. <\/p>\n\n\n\n<p>Si pu\u00f2 osservare che il <strong>prestigio<\/strong> del nostro pittore doveva essere ancora abbastanza elevato, se per il quadro venne pagata una cifra corrispondente a quella spesa globalmente per gli altri due. <strong>Monbeing Goguel<\/strong> ha pubblicato il disegno preparatorio conservato al <strong>Museo del Louvre<\/strong>.<br>Purtroppo, lo stato di conservazione del dipinto appare oggi particolarmente precario. Sono presenti delle microcadute di colore che interessano tutta la superficie, mentre l\u2019ossidazione delle vernici conferisce un omogeneo tono giallastro alla composizione.<\/p>\n\n\n\n<p>\u00c8 auspicabile che l\u2019opera, forse una delle pi\u00f9 belle di Molinari, sia oggetto di un adeguato <strong>restauro conservativo<\/strong>. Dovrebbe trattarsi di una delle ultime produzioni dell\u2019artista, vicina alla <strong>pala di San Paolo d\u2019Argon<\/strong>.<\/p>\n\n\n\n\t<div class=\"img has-hover x md-x lg-x y md-y lg-y\" id=\"image_1623046448\">\n\t\t\t\t\t\t\t\t<div class=\"img-inner dark\" >\n\t\t\t<img loading=\"lazy\" decoding=\"async\" width=\"526\" height=\"525\" src=\"https:\/\/palazzoprigionivenezia.com\/wp-content\/uploads\/2022\/01\/molinari-bacco-e-arianna-1.jpg\" class=\"attachment-large size-large\" alt=\"antonio-molinari-bacco-e-arianna\" srcset=\"https:\/\/palazzoprigionivenezia.com\/wp-content\/uploads\/2022\/01\/molinari-bacco-e-arianna-1.jpg 526w, https:\/\/palazzoprigionivenezia.com\/wp-content\/uploads\/2022\/01\/molinari-bacco-e-arianna-1-300x300.jpg 300w, https:\/\/palazzoprigionivenezia.com\/wp-content\/uploads\/2022\/01\/molinari-bacco-e-arianna-1-150x150.jpg 150w, https:\/\/palazzoprigionivenezia.com\/wp-content\/uploads\/2022\/01\/molinari-bacco-e-arianna-1-12x12.jpg 12w, https:\/\/palazzoprigionivenezia.com\/wp-content\/uploads\/2022\/01\/molinari-bacco-e-arianna-1-510x509.jpg 510w, https:\/\/palazzoprigionivenezia.com\/wp-content\/uploads\/2022\/01\/molinari-bacco-e-arianna-1-100x100.jpg 100w\" sizes=\"auto, (max-width: 526px) 100vw, 526px\" \/>\t\t\t\t\t\t\n\t\t\t\t\t<\/div>\n\t\t\t\t\t\t\t\t\n<style>\n#image_1623046448 {\n  width: 100%;\n}\n<\/style>\n\t<\/div>","protected":false},"excerpt":{"rendered":"<p>Il dipinto, raffigurante il celebre episodio narrato da Ovidio nelle Metamorfosi, proviene dalla Sala dei banchetti di Palazzo Ducale, dov\u2019\u00e8 ricordato ancora da Moschini (1815). Fu rimosso dalla sua sede probabilmente per la sua sconvenienza tematica quando quella parte dell\u2019edificio venne adibita a palazzo patriarcale. In seguito, un inventario delle opere depositate nel Palazzo Ducale [&#8230;]","protected":false},"author":5,"featured_media":693,"comment_status":"closed","ping_status":"open","sticky":false,"template":"","format":"standard","meta":{"footnotes":""},"categories":[45],"tags":[],"class_list":["post-692","post","type-post","status-publish","format-standard","has-post-thumbnail","hentry","category-il-palazzo"],"yoast_head":"<!-- This site is optimized with the Yoast SEO plugin v26.2 - https:\/\/yoast.com\/wordpress\/plugins\/seo\/ -->\n<title>Antonio Molinari: Bacco e Arianna - Palazzo delle Prigioni Nove<\/title>\n<meta name=\"description\" content=\"Il dipinto, raffigurante il celebre episodio narrato da Ovidio nelle Metamorfosi, proviene dalla Sala dei banchetti di Palazzo Ducale, dov\u2019\u00e8 ricordato ancora da Moschini (1815).\" \/>\n<meta name=\"robots\" content=\"index, follow, max-snippet:-1, max-image-preview:large, max-video-preview:-1\" \/>\n<link rel=\"canonical\" href=\"https:\/\/palazzoprigionivenezia.com\/en\/molinari-bacco-e-arianna\/\" \/>\n<meta property=\"og:locale\" content=\"en_GB\" \/>\n<meta property=\"og:type\" content=\"article\" \/>\n<meta property=\"og:title\" content=\"Antonio Molinari: Bacco e Arianna - Palazzo delle Prigioni Nove\" \/>\n<meta property=\"og:description\" content=\"Il dipinto, raffigurante il celebre episodio narrato da Ovidio nelle Metamorfosi, proviene dalla Sala dei banchetti di Palazzo Ducale, dov\u2019\u00e8 ricordato ancora da Moschini (1815).\" \/>\n<meta property=\"og:url\" content=\"https:\/\/palazzoprigionivenezia.com\/en\/molinari-bacco-e-arianna\/\" \/>\n<meta property=\"og:site_name\" content=\"Palazzo delle Prigioni Nove\" \/>\n<meta property=\"article:published_time\" content=\"2022-01-07T16:06:51+00:00\" \/>\n<meta property=\"article:modified_time\" content=\"2022-01-07T16:12:15+00:00\" \/>\n<meta property=\"og:image\" content=\"http:\/\/palazzoprigionivenezia.com\/wp-content\/uploads\/2022\/01\/molinari-bacco-e-arianna-1.jpg\" \/>\n\t<meta property=\"og:image:width\" content=\"526\" \/>\n\t<meta property=\"og:image:height\" content=\"525\" \/>\n\t<meta property=\"og:image:type\" content=\"image\/jpeg\" \/>\n<meta name=\"author\" content=\"adel.digitalroom@gmail.com\" \/>\n<meta name=\"twitter:card\" content=\"summary_large_image\" \/>\n<meta name=\"twitter:label1\" content=\"Written by\" \/>\n\t<meta name=\"twitter:data1\" content=\"adel.digitalroom@gmail.com\" \/>\n\t<meta name=\"twitter:label2\" content=\"Estimated reading time\" \/>\n\t<meta name=\"twitter:data2\" content=\"2 minutes\" \/>\n<script type=\"application\/ld+json\" class=\"yoast-schema-graph\">{\"@context\":\"https:\/\/schema.org\",\"@graph\":[{\"@type\":\"WebPage\",\"@id\":\"https:\/\/palazzoprigionivenezia.com\/molinari-bacco-e-arianna\/\",\"url\":\"https:\/\/palazzoprigionivenezia.com\/molinari-bacco-e-arianna\/\",\"name\":\"Antonio Molinari: Bacco e Arianna - Palazzo delle Prigioni Nove\",\"isPartOf\":{\"@id\":\"https:\/\/palazzoprigionivenezia.com\/#website\"},\"primaryImageOfPage\":{\"@id\":\"https:\/\/palazzoprigionivenezia.com\/molinari-bacco-e-arianna\/#primaryimage\"},\"image\":{\"@id\":\"https:\/\/palazzoprigionivenezia.com\/molinari-bacco-e-arianna\/#primaryimage\"},\"thumbnailUrl\":\"https:\/\/palazzoprigionivenezia.com\/wp-content\/uploads\/2022\/01\/molinari-bacco-e-arianna-1.jpg\",\"datePublished\":\"2022-01-07T16:06:51+00:00\",\"dateModified\":\"2022-01-07T16:12:15+00:00\",\"author\":{\"@id\":\"https:\/\/palazzoprigionivenezia.com\/#\/schema\/person\/ebd50c7166f2bc550f3d1abb8b0aa079\"},\"description\":\"Il dipinto, raffigurante il celebre episodio narrato da Ovidio nelle Metamorfosi, proviene dalla Sala dei banchetti di Palazzo Ducale, dov\u2019\u00e8 ricordato ancora da Moschini (1815).\",\"breadcrumb\":{\"@id\":\"https:\/\/palazzoprigionivenezia.com\/molinari-bacco-e-arianna\/#breadcrumb\"},\"inLanguage\":\"en-GB\",\"potentialAction\":[{\"@type\":\"ReadAction\",\"target\":[\"https:\/\/palazzoprigionivenezia.com\/molinari-bacco-e-arianna\/\"]}]},{\"@type\":\"ImageObject\",\"inLanguage\":\"en-GB\",\"@id\":\"https:\/\/palazzoprigionivenezia.com\/molinari-bacco-e-arianna\/#primaryimage\",\"url\":\"https:\/\/palazzoprigionivenezia.com\/wp-content\/uploads\/2022\/01\/molinari-bacco-e-arianna-1.jpg\",\"contentUrl\":\"https:\/\/palazzoprigionivenezia.com\/wp-content\/uploads\/2022\/01\/molinari-bacco-e-arianna-1.jpg\",\"width\":526,\"height\":525,\"caption\":\"antonio-molinari-bacco-e-arianna\"},{\"@type\":\"BreadcrumbList\",\"@id\":\"https:\/\/palazzoprigionivenezia.com\/molinari-bacco-e-arianna\/#breadcrumb\",\"itemListElement\":[{\"@type\":\"ListItem\",\"position\":1,\"name\":\"Home\",\"item\":\"https:\/\/palazzoprigionivenezia.com\/\"},{\"@type\":\"ListItem\",\"position\":2,\"name\":\"Antonio Molinari: Bacco e Arianna\"}]},{\"@type\":\"WebSite\",\"@id\":\"https:\/\/palazzoprigionivenezia.com\/#website\",\"url\":\"https:\/\/palazzoprigionivenezia.com\/\",\"name\":\"Palazzo delle Prigioni Nove\",\"description\":\"\",\"potentialAction\":[{\"@type\":\"SearchAction\",\"target\":{\"@type\":\"EntryPoint\",\"urlTemplate\":\"https:\/\/palazzoprigionivenezia.com\/?s={search_term_string}\"},\"query-input\":{\"@type\":\"PropertyValueSpecification\",\"valueRequired\":true,\"valueName\":\"search_term_string\"}}],\"inLanguage\":\"en-GB\"},{\"@type\":\"Person\",\"@id\":\"https:\/\/palazzoprigionivenezia.com\/#\/schema\/person\/ebd50c7166f2bc550f3d1abb8b0aa079\",\"name\":\"adel.digitalroom@gmail.com\",\"image\":{\"@type\":\"ImageObject\",\"inLanguage\":\"en-GB\",\"@id\":\"https:\/\/palazzoprigionivenezia.com\/#\/schema\/person\/image\/\",\"url\":\"https:\/\/secure.gravatar.com\/avatar\/b02c83cd15ca796c538b0b770a8b0dc88fcf2fcc9e4296f9466cb4ce28fe3eff?s=96&d=mm&r=g\",\"contentUrl\":\"https:\/\/secure.gravatar.com\/avatar\/b02c83cd15ca796c538b0b770a8b0dc88fcf2fcc9e4296f9466cb4ce28fe3eff?s=96&d=mm&r=g\",\"caption\":\"adel.digitalroom@gmail.com\"},\"url\":\"https:\/\/palazzoprigionivenezia.com\/en\/author\/adel-digitalroomgmail-com\/\"}]}<\/script>\n<!-- \/ Yoast SEO plugin. -->","yoast_head_json":{"title":"Antonio Molinari: Bacco e Arianna - Palazzo delle Prigioni Nove","description":"Il dipinto, raffigurante il celebre episodio narrato da Ovidio nelle Metamorfosi, proviene dalla Sala dei banchetti di Palazzo Ducale, dov\u2019\u00e8 ricordato ancora da Moschini (1815).","robots":{"index":"index","follow":"follow","max-snippet":"max-snippet:-1","max-image-preview":"max-image-preview:large","max-video-preview":"max-video-preview:-1"},"canonical":"https:\/\/palazzoprigionivenezia.com\/en\/molinari-bacco-e-arianna\/","og_locale":"en_GB","og_type":"article","og_title":"Antonio Molinari: Bacco e Arianna - Palazzo delle Prigioni Nove","og_description":"Il dipinto, raffigurante il celebre episodio narrato da Ovidio nelle Metamorfosi, proviene dalla Sala dei banchetti di Palazzo Ducale, dov\u2019\u00e8 ricordato ancora da Moschini (1815).","og_url":"https:\/\/palazzoprigionivenezia.com\/en\/molinari-bacco-e-arianna\/","og_site_name":"Palazzo delle Prigioni Nove","article_published_time":"2022-01-07T16:06:51+00:00","article_modified_time":"2022-01-07T16:12:15+00:00","og_image":[{"width":526,"height":525,"url":"http:\/\/palazzoprigionivenezia.com\/wp-content\/uploads\/2022\/01\/molinari-bacco-e-arianna-1.jpg","type":"image\/jpeg"}],"author":"adel.digitalroom@gmail.com","twitter_card":"summary_large_image","twitter_misc":{"Written by":"adel.digitalroom@gmail.com","Estimated reading time":"2 minutes"},"schema":{"@context":"https:\/\/schema.org","@graph":[{"@type":"WebPage","@id":"https:\/\/palazzoprigionivenezia.com\/molinari-bacco-e-arianna\/","url":"https:\/\/palazzoprigionivenezia.com\/molinari-bacco-e-arianna\/","name":"Antonio Molinari: Bacco e Arianna - Palazzo delle Prigioni Nove","isPartOf":{"@id":"https:\/\/palazzoprigionivenezia.com\/#website"},"primaryImageOfPage":{"@id":"https:\/\/palazzoprigionivenezia.com\/molinari-bacco-e-arianna\/#primaryimage"},"image":{"@id":"https:\/\/palazzoprigionivenezia.com\/molinari-bacco-e-arianna\/#primaryimage"},"thumbnailUrl":"https:\/\/palazzoprigionivenezia.com\/wp-content\/uploads\/2022\/01\/molinari-bacco-e-arianna-1.jpg","datePublished":"2022-01-07T16:06:51+00:00","dateModified":"2022-01-07T16:12:15+00:00","author":{"@id":"https:\/\/palazzoprigionivenezia.com\/#\/schema\/person\/ebd50c7166f2bc550f3d1abb8b0aa079"},"description":"Il dipinto, raffigurante il celebre episodio narrato da Ovidio nelle Metamorfosi, proviene dalla Sala dei banchetti di Palazzo Ducale, dov\u2019\u00e8 ricordato ancora da Moschini (1815).","breadcrumb":{"@id":"https:\/\/palazzoprigionivenezia.com\/molinari-bacco-e-arianna\/#breadcrumb"},"inLanguage":"en-GB","potentialAction":[{"@type":"ReadAction","target":["https:\/\/palazzoprigionivenezia.com\/molinari-bacco-e-arianna\/"]}]},{"@type":"ImageObject","inLanguage":"en-GB","@id":"https:\/\/palazzoprigionivenezia.com\/molinari-bacco-e-arianna\/#primaryimage","url":"https:\/\/palazzoprigionivenezia.com\/wp-content\/uploads\/2022\/01\/molinari-bacco-e-arianna-1.jpg","contentUrl":"https:\/\/palazzoprigionivenezia.com\/wp-content\/uploads\/2022\/01\/molinari-bacco-e-arianna-1.jpg","width":526,"height":525,"caption":"antonio-molinari-bacco-e-arianna"},{"@type":"BreadcrumbList","@id":"https:\/\/palazzoprigionivenezia.com\/molinari-bacco-e-arianna\/#breadcrumb","itemListElement":[{"@type":"ListItem","position":1,"name":"Home","item":"https:\/\/palazzoprigionivenezia.com\/"},{"@type":"ListItem","position":2,"name":"Antonio Molinari: Bacco e Arianna"}]},{"@type":"WebSite","@id":"https:\/\/palazzoprigionivenezia.com\/#website","url":"https:\/\/palazzoprigionivenezia.com\/","name":"Palazzo delle Prigioni Nove","description":"","potentialAction":[{"@type":"SearchAction","target":{"@type":"EntryPoint","urlTemplate":"https:\/\/palazzoprigionivenezia.com\/?s={search_term_string}"},"query-input":{"@type":"PropertyValueSpecification","valueRequired":true,"valueName":"search_term_string"}}],"inLanguage":"en-GB"},{"@type":"Person","@id":"https:\/\/palazzoprigionivenezia.com\/#\/schema\/person\/ebd50c7166f2bc550f3d1abb8b0aa079","name":"adel.digitalroom@gmail.com","image":{"@type":"ImageObject","inLanguage":"en-GB","@id":"https:\/\/palazzoprigionivenezia.com\/#\/schema\/person\/image\/","url":"https:\/\/secure.gravatar.com\/avatar\/b02c83cd15ca796c538b0b770a8b0dc88fcf2fcc9e4296f9466cb4ce28fe3eff?s=96&d=mm&r=g","contentUrl":"https:\/\/secure.gravatar.com\/avatar\/b02c83cd15ca796c538b0b770a8b0dc88fcf2fcc9e4296f9466cb4ce28fe3eff?s=96&d=mm&r=g","caption":"adel.digitalroom@gmail.com"},"url":"https:\/\/palazzoprigionivenezia.com\/en\/author\/adel-digitalroomgmail-com\/"}]}},"_links":{"self":[{"href":"https:\/\/palazzoprigionivenezia.com\/en\/wp-json\/wp\/v2\/posts\/692","targetHints":{"allow":["GET"]}}],"collection":[{"href":"https:\/\/palazzoprigionivenezia.com\/en\/wp-json\/wp\/v2\/posts"}],"about":[{"href":"https:\/\/palazzoprigionivenezia.com\/en\/wp-json\/wp\/v2\/types\/post"}],"author":[{"embeddable":true,"href":"https:\/\/palazzoprigionivenezia.com\/en\/wp-json\/wp\/v2\/users\/5"}],"replies":[{"embeddable":true,"href":"https:\/\/palazzoprigionivenezia.com\/en\/wp-json\/wp\/v2\/comments?post=692"}],"version-history":[{"count":6,"href":"https:\/\/palazzoprigionivenezia.com\/en\/wp-json\/wp\/v2\/posts\/692\/revisions"}],"predecessor-version":[{"id":699,"href":"https:\/\/palazzoprigionivenezia.com\/en\/wp-json\/wp\/v2\/posts\/692\/revisions\/699"}],"wp:featuredmedia":[{"embeddable":true,"href":"https:\/\/palazzoprigionivenezia.com\/en\/wp-json\/wp\/v2\/media\/693"}],"wp:attachment":[{"href":"https:\/\/palazzoprigionivenezia.com\/en\/wp-json\/wp\/v2\/media?parent=692"}],"wp:term":[{"taxonomy":"category","embeddable":true,"href":"https:\/\/palazzoprigionivenezia.com\/en\/wp-json\/wp\/v2\/categories?post=692"},{"taxonomy":"post_tag","embeddable":true,"href":"https:\/\/palazzoprigionivenezia.com\/en\/wp-json\/wp\/v2\/tags?post=692"}],"curies":[{"name":"wp","href":"https:\/\/api.w.org\/{rel}","templated":true}]}}